{
    "atos-administrativos": [
        {
            "creation_date": "2025-06-26T11:36:41-03:00", 
            "description": "", 
            "modification_date": "2025-06-26T11:37:23-03:00", 
            "remoteUrl": "https://sapl.marechalfloriano.es.leg.br/sistema/relatorios/", 
            "title": "Relat\u00f3rios Administrativos", 
            "uri": "https://www.marechalfloriano.es.leg.br/transparencia/atos-administrativos/relatorios-administrativos"
        }
    ], 
    "licitacoes-e-contratos": [
        {
            "creation_date": "2025-06-03T10:06:52-03:00", 
            "description": "", 
            "file": {
                "filename": "Inexist\u00eancia de Licita\u00e7\u00f5es em 2024.pdf", 
                "height": 0, 
                "size": 2631453, 
                "uri": "https://www.marechalfloriano.es.leg.br/transparencia/licitacoes-e-contratos/inexistencia-de-licitacoes-em-2024.pdf/@@images/file", 
                "width": 0
            }, 
            "modification_date": "2025-06-03T10:06:52-03:00", 
            "title": "Inexist\u00eancia de Licita\u00e7\u00f5es em 2024.pdf", 
            "uri": "https://www.marechalfloriano.es.leg.br/transparencia/licitacoes-e-contratos/inexistencia-de-licitacoes-em-2024.pdf"
        }, 
        {
            "creation_date": "2025-06-03T10:06:53-03:00", 
            "description": "", 
            "file": {
                "filename": "Inexist\u00eancia de Licita\u00e7\u00f5es em 2025.pdf", 
                "height": 0, 
                "size": 2631531, 
                "uri": "https://www.marechalfloriano.es.leg.br/transparencia/licitacoes-e-contratos/inexistencia-de-licitacoes-em-2025.pdf/@@images/file", 
                "width": 0
            }, 
            "modification_date": "2025-06-03T10:06:53-03:00", 
            "title": "Inexist\u00eancia de Licita\u00e7\u00f5es em 2025.pdf", 
            "uri": "https://www.marechalfloriano.es.leg.br/transparencia/licitacoes-e-contratos/inexistencia-de-licitacoes-em-2025.pdf"
        }, 
        {
            "creation_date": "2025-06-03T10:06:53-03:00", 
            "description": "", 
            "file": {
                "filename": "Inexist\u00eancia de Ades\u00e3o a Atas de Registro de Pre\u00e7os 2024.pdf", 
                "height": 0, 
                "size": 2632523, 
                "uri": "https://www.marechalfloriano.es.leg.br/transparencia/licitacoes-e-contratos/inexistencia-de-adesao-a-atas-de-registro-de-precos-2024.pdf/@@images/file", 
                "width": 0
            }, 
            "modification_date": "2025-06-03T10:06:53-03:00", 
            "title": "Inexist\u00eancia de Ades\u00e3o a Atas de Registro de Pre\u00e7os 2024.pdf", 
            "uri": "https://www.marechalfloriano.es.leg.br/transparencia/licitacoes-e-contratos/inexistencia-de-adesao-a-atas-de-registro-de-precos-2024.pdf"
        }, 
        {
            "creation_date": "2025-06-03T10:06:54-03:00", 
            "description": "", 
            "file": {
                "filename": "Inexist\u00eancia de Ades\u00e3o a Atas de Registro de Pre\u00e7os 2025.pdf", 
                "height": 0, 
                "size": 554642, 
                "uri": "https://www.marechalfloriano.es.leg.br/transparencia/licitacoes-e-contratos/inexistencia-de-adesao-a-atas-de-registro-de-precos-2025.pdf/@@images/file", 
                "width": 0
            }, 
            "modification_date": "2025-06-03T10:06:53-03:00", 
            "title": "Inexist\u00eancia de Ades\u00e3o a Atas de Registro de Pre\u00e7os 2025.pdf", 
            "uri": "https://www.marechalfloriano.es.leg.br/transparencia/licitacoes-e-contratos/inexistencia-de-adesao-a-atas-de-registro-de-precos-2025.pdf"
        }, 
        {
            "creation_date": "2025-06-03T10:06:54-03:00", 
            "description": "", 
            "file": {
                "filename": "2022.pdf", 
                "height": 0, 
                "size": 24899, 
                "uri": "https://www.marechalfloriano.es.leg.br/transparencia/licitacoes-e-contratos/2022.pdf/@@images/file", 
                "width": 0
            }, 
            "modification_date": "2025-06-03T10:06:54-03:00", 
            "title": "2022.pdf", 
            "uri": "https://www.marechalfloriano.es.leg.br/transparencia/licitacoes-e-contratos/2022.pdf"
        }, 
        {
            "creation_date": "2025-06-03T10:06:55-03:00", 
            "description": "", 
            "file": {
                "filename": "2023.pdf", 
                "height": 0, 
                "size": 24899, 
                "uri": "https://www.marechalfloriano.es.leg.br/transparencia/licitacoes-e-contratos/2023.pdf/@@images/file", 
                "width": 0
            }, 
            "modification_date": "2025-06-03T10:06:54-03:00", 
            "title": "2023.pdf", 
            "uri": "https://www.marechalfloriano.es.leg.br/transparencia/licitacoes-e-contratos/2023.pdf"
        }, 
        {
            "creation_date": "2025-06-03T10:06:55-03:00", 
            "description": "", 
            "file": {
                "filename": "adesao2022 - notebook e impresso.pdf", 
                "height": 0, 
                "size": 24899, 
                "uri": "https://www.marechalfloriano.es.leg.br/transparencia/licitacoes-e-contratos/adesao2022-notebook-e-impresso.pdf/@@images/file", 
                "width": 0
            }, 
            "modification_date": "2025-06-03T10:06:55-03:00", 
            "title": "adesao2022 - notebook e impresso.pdf", 
            "uri": "https://www.marechalfloriano.es.leg.br/transparencia/licitacoes-e-contratos/adesao2022-notebook-e-impresso.pdf"
        }, 
        {
            "creation_date": "2025-06-03T10:06:56-03:00", 
            "description": "", 
            "file": {
                "filename": "adesao2023 - passagens.pdf", 
                "height": 0, 
                "size": 24899, 
                "uri": "https://www.marechalfloriano.es.leg.br/transparencia/licitacoes-e-contratos/adesao2023-passagens.pdf/@@images/file", 
                "width": 0
            }, 
            "modification_date": "2025-06-03T10:06:55-03:00", 
            "title": "adesao2023 - passagens.pdf", 
            "uri": "https://www.marechalfloriano.es.leg.br/transparencia/licitacoes-e-contratos/adesao2023-passagens.pdf"
        }, 
        {
            "creation_date": "2025-06-03T10:06:57-03:00", 
            "description": "", 
            "file": {
                "filename": "adesao2021 - computadores.pdf", 
                "height": 0, 
                "size": 24899, 
                "uri": "https://www.marechalfloriano.es.leg.br/transparencia/licitacoes-e-contratos/adesao2021-computadores.pdf/@@images/file", 
                "width": 0
            }, 
            "modification_date": "2025-06-03T10:06:56-03:00", 
            "title": "adesao2021 - computadores.pdf", 
            "uri": "https://www.marechalfloriano.es.leg.br/transparencia/licitacoes-e-contratos/adesao2021-computadores.pdf"
        }, 
        {
            "creation_date": "2025-06-03T10:06:57-03:00", 
            "description": "", 
            "file": {
                "filename": "Declara\u00e7\u00e3o de inexist\u00eancia de   licitantes e ou contratados sancionados administrativamente.pdf", 
                "height": 0, 
                "size": 609751, 
                "uri": "https://www.marechalfloriano.es.leg.br/transparencia/licitacoes-e-contratos/declaracao-de-inexistencia-de-licitantes-e-ou-contratados-sancionados-administrativamente.pdf/@@images/file", 
                "width": 0
            }, 
            "modification_date": "2025-06-03T10:06:57-03:00", 
            "title": "Declara\u00e7\u00e3o de inexist\u00eancia de   licitantes e ou contratados sancionados administrativamente.pdf", 
            "uri": "https://www.marechalfloriano.es.leg.br/transparencia/licitacoes-e-contratos/declaracao-de-inexistencia-de-licitantes-e-ou-contratados-sancionados-administrativamente.pdf"
        }
    ], 
    "parlamentares-e-gabinetes": [], 
    "recursos-humanos": [
        {
            "creation_date": "2025-06-26T11:18:47-03:00", 
            "description": "                                                                          ", 
            "modification_date": "2026-04-22T08:50:40-03:00", 
            "title": "\u00c1rea do Servidor", 
            "uri": "https://www.marechalfloriano.es.leg.br/transparencia/recursos-humanos/area-do-servidor"
        }, 
        {
            "creation_date": "2025-06-03T10:07:37-03:00", 
            "description": "Portarias da C\u00e2mara Municipal de Marechal Floriano", 
            "modification_date": "2025-06-03T10:08:01-03:00", 
            "remoteUrl": "https://sapl.marechalfloriano.es.leg.br/docadm/pesq-doc-adm?tipo=12&o=&numero=&complemento=&ano=&protocolo__numero=&numero_externo=&data_0=&data_1=&interessado=&assunto=&tramitacao=&tramitacaoadministrativo__status=&tramitacaoadministrativo__unidade_tramitacao_destino=&pesquisar=Pesquisar", 
            "title": "Portarias", 
            "uri": "https://www.marechalfloriano.es.leg.br/transparencia/recursos-humanos/portarias-1"
        }, 
        {
            "creation_date": "2025-06-03T10:07:37-03:00", 
            "description": "Servidores da C\u00e2mara Municipal de Marechal Floriano", 
            "modification_date": "2025-06-03T10:08:15-03:00", 
            "remoteUrl": "https://cmmarechalfloriano-es.portaltp.com.br/consultas/pessoal/servidores.aspx", 
            "title": "Servidores", 
            "uri": "https://www.marechalfloriano.es.leg.br/transparencia/recursos-humanos/servidores"
        }, 
        {
            "creation_date": "2025-06-03T10:07:37-03:00", 
            "description": "", 
            "modification_date": "2025-06-03T10:08:56-03:00", 
            "remoteUrl": "https://gpi-services.cloud.el.com.br/es-marechalfloriano-cm/portal/login", 
            "title": "Portal do Servidor", 
            "uri": "https://www.marechalfloriano.es.leg.br/transparencia/recursos-humanos/portal-do-servidor"
        }, 
        {
            "creation_date": "2025-06-03T10:07:39-03:00", 
            "description": "", 
            "modification_date": "2025-06-03T10:09:32-03:00", 
            "remoteUrl": "https://marechalfloriano.camarasempapel.com.br/Arquivo/Documents/legislacao/html/L27662025.html?identificador=33003000300032003A004C00", 
            "title": "Lei Estrutura Administrativa do Poder Legislativo", 
            "uri": "https://www.marechalfloriano.es.leg.br/transparencia/recursos-humanos/lei-estrutura-administrativa-do-poder-legislativo"
        }, 
        {
            "creation_date": "2025-06-03T10:07:39-03:00", 
            "description": "Estrutura administrativa da C\u00e2mara Municipal de Marechal Floriano, de acordo com o ANEXO VI, da LEI N\u00ba 2.766, DE 28 DE FEVEREIRO DE 2025.", 
            "file": {
                "filename": "ESTRUTURA.pdf", 
                "height": 0, 
                "size": 68107, 
                "uri": "https://www.marechalfloriano.es.leg.br/transparencia/recursos-humanos/estrutura-organizacional-1/@@images/file", 
                "width": 0
            }, 
            "modification_date": "2025-06-03T10:07:39-03:00", 
            "title": "Estrutura Organizacional", 
            "uri": "https://www.marechalfloriano.es.leg.br/transparencia/recursos-humanos/estrutura-organizacional-1"
        }
    ]
}