{"provider_url": "https://www.marechalfloriano.es.leg.br", "title": "DECRETO LEGISLATIVO N\u00ba. 002/2022", "html": "<p align=\"center\"><b>DECRETO LEGISLATIVO N\u00ba. 00</b><b>2</b><b>/202</b><b>2</b></p>\r\n<p>\u00a0</p>\r\n<p>\u00a0</p>\r\n<p align=\"justify\">\u201c<b>DECRETA PONTO FACULTATIVO NAS REPARTI\u00c7\u00d5ES P\u00daBLICAS MUNICIPAIS NOS DIAS 28 DE FEVEREIRO A 1\u00ba DE MAR\u00c7O DE 2022\u201d. </b></p>\r\n<p align=\"justify\">\u00a0</p>\r\n<p align=\"justify\">\u00a0</p>\r\n<p align=\"justify\"><span>O PRESIDENTE DA</span><span> C\u00c2MARA MUNICIPAL DE MARECHAL FLORIANO, ESTADO DO ESP\u00cdRITO SANTO, </span><span>no uso de suas atribui\u00e7\u00f5es legais,</span></p>\r\n<p align=\"center\">\u00a0</p>\r\n<p align=\"center\"><b>D</b><b>ECRETA</b><b>:</b></p>\r\n<p align=\"center\">\u00a0</p>\r\n<p align=\"justify\"><b>Art. 1\u00ba</b> <span>Fica decretado </span><span>P</span><span>onto facultativo nas reparti\u00e7\u00f5es </span><span>p\u00fablicas municipais do Poder Legislativo</span><span>, nos dias 28 de fevereiro e 1\u00ba de mar\u00e7o de 2022</span>, <span>em virtude das comemora\u00e7\u00f5es </span><span>da festa popular </span><span> \u201c</span><span>Carnaval\u201d, e 02 de mar\u00e7o inerente \u00e0 \u201cQuarta-Feira de Cinzas\u201d.</span></p>\r\n<p align=\"justify\">\u00a0</p>\r\n<p align=\"justify\"><span><b>\u00a7 1\u00ba</b></span><span> </span><span>Retornaremos aos expedientes normais no dia 0</span><span>3</span><span> de </span><span>mar\u00e7o</span><span> de 202</span><span>2</span><span>.</span></p>\r\n<p>\u00a0</p>\r\n<p><b>Art. 2\u00ba</b> <span>Este Decreto Legislativo entra em vigor na data de sua publica\u00e7\u00e3o.</span></p>\r\n<p>\u00a0</p>\r\n<p><b>Art. 3\u00ba</b> <span>Revogam-se as disposi\u00e7\u00f5es em contr\u00e1rio.</span></p>\r\n<p>\u00a0</p>\r\n<p>\u00a0</p>\r\n<p align=\"center\">Registre-se, Publique-se e Cumpra-se.</p>\r\n<p align=\"center\">\u00a0</p>\r\n<p align=\"center\"><b>Marechal Floriano, 24 de Fevereiro de 2022.</b></p>\r\n<p>\u00a0</p>\r\n<p>\u00a0</p>\r\n<p align=\"center\">\u00a0</p>\r\n<p align=\"center\"><b>CEZAR TADEU RONCHI JUNIOR</b></p>\r\n<p align=\"center\"><b>PRESIDENTE DA CMMF</b></p>", "author_name": "", "version": "1.0", "author_url": "https://www.marechalfloriano.es.leg.br/author/Assessorcmmf", "provider_name": "C\u00e2mara de Marechal Floriano", "type": "rich"}